{"id":16795,"date":"2025-05-14T14:43:27","date_gmt":"2025-05-14T12:43:27","guid":{"rendered":"https:\/\/www.taxi-gare-tgv-aix-en-provence.fr\/cab-technopole-arbois-mediterranee\/"},"modified":"2025-09-11T17:02:29","modified_gmt":"2025-09-11T15:02:29","slug":"cab-technopole-arbois-mediterranee","status":"publish","type":"post","link":"https:\/\/www.taxi-gare-tgv-aix-en-provence.fr\/en\/cab-technopole-arbois-mediterranee\/","title":{"rendered":"Cab Technop\u00f4le Arbois M\u00e9diterran\u00e9e"},"content":{"rendered":"<p class=\"\" data-start=\"456\" data-end=\"1128\">Just a few kilometers from<a href=\"https:\/\/www.aixenprovence.fr\/\">Aix-en-Provence<\/a>, the <a href=\"https:\/\/www.arbois-med.com\/\"><strong data-start=\"510\" data-end=\"549\">Technop\u00f4le de l&#8217;Arbois M\u00e9diterran\u00e9e<\/strong><\/a> has established itself as a key site for companies focused on innovation and the environment.<br data-start=\"655\" data-end=\"658\">Bringing together researchers, entrepreneurs and engineers, the Technop\u00f4le is a leading place for exchanges, projects and economic development.<br data-start=\"807\" data-end=\"810\">To reach this strategic area quickly and comfortably, choose a <strong data-start=\"890\" data-end=\"912\">professional cab<\/strong> from the <a href=\"https:\/\/www.taxi-gare-tgv-aix-en-provence.fr\/en\/cab-from-aix-tgv\/\"><strong data-start=\"923\" data-end=\"951\">Aix-en-Provence TGV station<\/strong><\/a> is the best solution.<br data-start=\"984\" data-end=\"987\"><strong data-start=\"987\" data-end=\"1004\">Taxi Aix&#8217;Pert<\/strong> offers a reliable, punctual and discreet made-to-measure transport service, tailored to the needs of professionals.<\/p>\n<h2 class=\"\" data-start=\"1135\" data-end=\"1187\">An innovation site on the outskirts of Aix-en-Provence<\/h2>\n<p class=\"\" data-start=\"1189\" data-end=\"1681\">The <strong data-start=\"1192\" data-end=\"1218\">Technop\u00f4le de l&#8217;Arbois<\/strong> is home to major players in the fields of the environment, renewable energies and tomorrow&#8217;s technologies.<br data-start=\"1344\" data-end=\"1347\">Whether you&#8217;re traveling for a meeting, a symposium or a collaborative project, it&#8217;s crucial to arrive on time.<br data-start=\"1485\" data-end=\"1488\">Located just a few minutes from the <strong data-start=\"1529\" data-end=\"1559\">Aix-en-Provence TGV train station<\/strong>, l&#8217;Arbois benefits from privileged access for business travelers who want to avoid the stress of local traffic.<\/p>\n<p class=\"\" data-start=\"1683\" data-end=\"1860\">Choosing a <strong data-start=\"1697\" data-end=\"1723\">Technop\u00f4le Arbois cab<\/strong> from the station guarantees you a direct journey, with no loss of time, and personalized assistance tailored to your schedule.<\/p>\n<h2 class=\"\" data-start=\"1867\" data-end=\"1924\">Reach the Technop\u00f4le easily from the TGV station<\/h2>\n<p class=\"\" data-start=\"1926\" data-end=\"2297\">When you get off the train, your <strong data-start=\"1956\" data-end=\"1991\">professional cab driver<\/strong> will be waiting for you directly in the arrival hall.<br data-start=\"2039\" data-end=\"2042\">No time wasting, no searching for a vehicle: your journey to the Technop\u00f4le starts immediately.<br data-start=\"2147\" data-end=\"2150\">Thanks to our perfect knowledge of the area, we take the smoothest routes, while anticipating any possible slowdowns.<\/p>\n<p class=\"\" data-start=\"2299\" data-end=\"2548\">The Technop\u00f4le&#8217;s proximity to the train station means that transfers can be made quickly, usually in less than 15 minutes, subject to traffic conditions.<br data-start=\"2459\" data-end=\"2462\">A precious time-saver for professionals concerned about keeping to their schedules.<\/p>\n<h2 class=\"\" data-start=\"2555\" data-end=\"2619\">Cab Aix&#8217;Pert: the assurance of a reliable and comfortable journey<\/h2>\n<p class=\"\" data-start=\"2621\" data-end=\"2971\">Our <strong data-start=\"2627\" data-end=\"2665\">Aix-en-Provence professional cab<\/strong> is perfectly adapted to the specific needs of business travel: top-of-the-range vehicle, air-conditioned interior, smooth driving and respect for passenger comfort.<br data-start=\"2846\" data-end=\"2849\">Our objective is clear: to <strong data-start=\"2876\" data-end=\"2911\">offer an impeccable service<\/strong>, where every detail counts to make your journey a pleasant one.<\/p>\n<p class=\"\" data-start=\"2973\" data-end=\"3268\">Because punctuality is essential in the professional world, we attach particular importance to strict adherence to schedules.<br data-start=\"3117\" data-end=\"3120\"><strong data-start=\"3120\" data-end=\"3147\">Our local experience<\/strong>, combined with <strong data-start=\"3160\" data-end=\"3188\">our commitment to quality<\/strong>, makes us the safe choice for your trips to the <strong data-start=\"3246\" data-end=\"3267\">Technop\u00f4le Arbois<\/strong>.<\/p>\n<p class=\"\" data-start=\"3270\" data-end=\"3482\">What&#8217;s more, <strong data-start=\"3279\" data-end=\"3310\">our rates are regulated<\/strong>, transparent and have no hidden charges. You can <strong data-start=\"3359\" data-end=\"3391\">estimate your fare online<\/strong> with our simulator or <strong data-start=\"3420\" data-end=\"3460\">request a professional cab quote<\/strong> in just a few moments. <\/p>\n<h2 class=\"\" data-start=\"3489\" data-end=\"3547\">Quick booking for your business trips<\/h2>\n<p class=\"\" data-start=\"3549\" data-end=\"3889\">Booking your <strong data-start=\"3569\" data-end=\"3604\">Arbois Technop\u00f4le TGV station cab<\/strong> couldn&#8217;t be easier:<br data-start=\"3627\" data-end=\"3630\">one call and you&#8217;ll receive immediate confirmation.<br data-start=\"3686\" data-end=\"3689\">We also offer a <strong data-start=\"3730\" data-end=\"3761\">fast online booking<\/strong> solution, so you can secure your stress-free transfer, whether you plan ahead or at the last minute.<\/p>\n<p class=\"\" data-start=\"3891\" data-end=\"3938\"><strong data-start=\"3891\" data-end=\"3908\">Cab Aix&#8217;Pert<\/strong> adapts to all your needs:<\/p>\n<ul data-start=\"3939\" data-end=\"4097\">\n<li class=\"\" data-start=\"3939\" data-end=\"3979\">\n<p class=\"\" data-start=\"3941\" data-end=\"3979\">Direct transfers to the Technop\u00f4le,<\/p>\n<\/li>\n<li class=\"\" data-start=\"3980\" data-end=\"4036\">\n<p class=\"\" data-start=\"3982\" data-end=\"4036\">Travel to other business sites in the region,<\/p>\n<\/li>\n<li class=\"\" data-start=\"4037\" data-end=\"4097\">\n<p class=\"\" data-start=\"4039\" data-end=\"4097\">Transport to the airport or other stations if required.<\/p>\n<\/li>\n<\/ul>\n<p class=\"\" data-start=\"4099\" data-end=\"4303\">We give priority to <strong data-start=\"4120\" data-end=\"4154\">personalized, human service<\/strong>, because each customer is unique.<br data-start=\"4185\" data-end=\"4188\">Our flexibility is a major asset for professionals who are often faced with changing schedules.<\/p>\n<h2 class=\"\" data-start=\"4310\" data-end=\"4351\">Travel with an experienced local cab<\/h2>\n<p class=\"\" data-start=\"4353\" data-end=\"4634\">Calling an <strong data-start=\"4370\" data-end=\"4396\">experienced local cab<\/strong> like <strong data-start=\"4403\" data-end=\"4420\">Taxi Aix&#8217;Pert<\/strong> has many advantages.<br data-start=\"4452\" data-end=\"4455\">More than just transportation, it&#8217;s the assurance of <strong data-start=\"4508\" data-end=\"4544\">precise knowledge of routes<\/strong>, <strong data-start=\"4546\" data-end=\"4562\">schedules<\/strong> and <strong data-start=\"4566\" data-end=\"4600\">traffic constraints<\/strong> in the Aix-en-Provence region.<\/p>\n<p class=\"\" data-start=\"4636\" data-end=\"4909\">What&#8217;s more, we know that driving yourself, renting a vehicle or relying on shared solutions can be complicated after a long journey.<br data-start=\"4778\" data-end=\"4781\">By opting for an <strong data-start=\"4799\" data-end=\"4827\">official cab service<\/strong>, you avoid all these inconveniences and enjoy a serene, optimized transfer.<\/p>\n<p class=\"\" data-start=\"4911\" data-end=\"5145\"><strong data-start=\"4911\" data-end=\"4947\">Your comfort is our priority<\/strong>: a clean vehicle, air conditioning, a warm welcome and discreet, respectful service.<br data-start=\"5039\" data-end=\"5042\">Every <strong data-start=\"5061\" data-end=\"5078\">Taxi Aix&#8217;Pert<\/strong> journey is designed to meet the expectations of demanding professionals.<\/p>\n<p class=\"\" data-start=\"5166\" data-end=\"5478\">If you need to get to the <strong data-start=\"5219\" data-end=\"5258\">Technop\u00f4le de l&#8217;Arbois M\u00e9diterran\u00e9e<\/strong> from the <strong data-start=\"5269\" data-end=\"5297\">Aix-en-Provence TGV station<\/strong> quickly and easily, you can rely on <strong data-start=\"5318\" data-end=\"5335\">Taxi Aix&#8217;Pert<\/strong>.<br data-start=\"5336\" data-end=\"5339\">We offer a <strong data-start=\"5357\" data-end=\"5390\">professional<\/strong>, reliable, top-of-the-range <strong data-start=\"5357\" data-end=\"5390\">cab service<\/strong>, tailored to your business travel needs.<\/p>\n<p class=\"\" data-start=\"5480\" data-end=\"5772\">Book your <strong data-start=\"5510\" data-end=\"5536\">Technop\u00f4le Arbois cab<\/strong> now for a carefree transfer, with the guarantee of punctual, personalized service.<br data-start=\"5647\" data-end=\"5650\"><strong data-start=\"5650\" data-end=\"5667\">Taxi Aix&#8217;Pert<\/strong>, your trusted partner for all your business trips in and around Aix-en-Provence.<\/p>\n","protected":false},"excerpt":{"rendered":"<p>Just a few kilometers fromAix-en-Provence, the Technop\u00f4le de l&#8217;Arbois M\u00e9diterran\u00e9e has established itself as a key site for companies focused<\/p>\n","protected":false},"author":2,"featured_media":16555,"comment_status":"closed","ping_status":"closed","sticky":false,"template":"","format":"standard","meta":{"footnotes":""},"categories":[68],"tags":[],"class_list":["post-16795","post","type-post","status-publish","format-standard","has-post-thumbnail","hentry","category-our-news"],"yoast_head":"<!-- This site is optimized with the Yoast SEO plugin v27.1.1 - https:\/\/yoast.com\/product\/yoast-seo-wordpress\/ -->\n<title>Cab Technop\u00f4le Arbois M\u00e9diterran\u00e9e<\/title>\n<meta name=\"description\" content=\"Book your business cab from the Aix-en-Provence TGV station to the Technop\u00f4le de l&#039;Arbois with Taxi Aix&#039;Pert.\" \/>\n<meta name=\"robots\" content=\"index, follow, max-snippet:-1, max-image-preview:large, max-video-preview:-1\" \/>\n<link rel=\"canonical\" href=\"https:\/\/www.taxi-gare-tgv-aix-en-provence.fr\/en\/cab-technopole-arbois-mediterranee\/\" \/>\n<meta property=\"og:locale\" content=\"en_US\" \/>\n<meta property=\"og:type\" content=\"article\" \/>\n<meta property=\"og:title\" content=\"Cab Technop\u00f4le Arbois M\u00e9diterran\u00e9e\" \/>\n<meta property=\"og:description\" content=\"Book your business cab from the Aix-en-Provence TGV station to the Technop\u00f4le de l&#039;Arbois with Taxi Aix&#039;Pert.\" \/>\n<meta property=\"og:url\" content=\"https:\/\/www.taxi-gare-tgv-aix-en-provence.fr\/en\/cab-technopole-arbois-mediterranee\/\" \/>\n<meta property=\"og:site_name\" content=\"Taxi Gare TGV Aix en Provence\" \/>\n<meta property=\"article:publisher\" content=\"https:\/\/www.facebook.com\/TaxiAixPert\" \/>\n<meta property=\"article:published_time\" content=\"2025-05-14T12:43:27+00:00\" \/>\n<meta property=\"article:modified_time\" content=\"2025-09-11T15:02:29+00:00\" \/>\n<meta property=\"og:image\" content=\"https:\/\/www.taxi-gare-tgv-aix-en-provence.fr\/wp-content\/uploads\/2025\/04\/Depositphotos_808700426_XL-scaled.jpg\" \/>\n\t<meta property=\"og:image:width\" content=\"2560\" \/>\n\t<meta property=\"og:image:height\" content=\"1463\" \/>\n\t<meta property=\"og:image:type\" content=\"image\/jpeg\" \/>\n<meta name=\"author\" content=\"Taxi Aix&#039;Pert\" \/>\n<meta name=\"twitter:card\" content=\"summary_large_image\" \/>\n<meta name=\"twitter:label1\" content=\"Written by\" \/>\n\t<meta name=\"twitter:data1\" content=\"Taxi Aix&#039;Pert\" \/>\n\t<meta name=\"twitter:label2\" content=\"Est. reading time\" \/>\n\t<meta name=\"twitter:data2\" content=\"3 minutes\" \/>\n<script type=\"application\/ld+json\" class=\"yoast-schema-graph\">{\"@context\":\"https:\/\/schema.org\",\"@graph\":[{\"@type\":\"Article\",\"@id\":\"https:\/\/www.taxi-gare-tgv-aix-en-provence.fr\/en\/cab-technopole-arbois-mediterranee\/#article\",\"isPartOf\":{\"@id\":\"https:\/\/www.taxi-gare-tgv-aix-en-provence.fr\/en\/cab-technopole-arbois-mediterranee\/\"},\"author\":{\"name\":\"Taxi Aix'Pert\",\"@id\":\"https:\/\/www.taxi-gare-tgv-aix-en-provence.fr\/en\/#\/schema\/person\/a2d338cb5ee3401f9a500fbb0531caad\"},\"headline\":\"Cab Technop\u00f4le Arbois M\u00e9diterran\u00e9e\",\"datePublished\":\"2025-05-14T12:43:27+00:00\",\"dateModified\":\"2025-09-11T15:02:29+00:00\",\"mainEntityOfPage\":{\"@id\":\"https:\/\/www.taxi-gare-tgv-aix-en-provence.fr\/en\/cab-technopole-arbois-mediterranee\/\"},\"wordCount\":723,\"publisher\":{\"@id\":\"https:\/\/www.taxi-gare-tgv-aix-en-provence.fr\/en\/#organization\"},\"image\":{\"@id\":\"https:\/\/www.taxi-gare-tgv-aix-en-provence.fr\/en\/cab-technopole-arbois-mediterranee\/#primaryimage\"},\"thumbnailUrl\":\"https:\/\/www.taxi-gare-tgv-aix-en-provence.fr\/wp-content\/uploads\/2025\/04\/Depositphotos_808700426_XL-scaled.jpg\",\"articleSection\":[\"Our news\"],\"inLanguage\":\"en-US\"},{\"@type\":\"WebPage\",\"@id\":\"https:\/\/www.taxi-gare-tgv-aix-en-provence.fr\/en\/cab-technopole-arbois-mediterranee\/\",\"url\":\"https:\/\/www.taxi-gare-tgv-aix-en-provence.fr\/en\/cab-technopole-arbois-mediterranee\/\",\"name\":\"Cab Technop\u00f4le Arbois M\u00e9diterran\u00e9e\",\"isPartOf\":{\"@id\":\"https:\/\/www.taxi-gare-tgv-aix-en-provence.fr\/en\/#website\"},\"primaryImageOfPage\":{\"@id\":\"https:\/\/www.taxi-gare-tgv-aix-en-provence.fr\/en\/cab-technopole-arbois-mediterranee\/#primaryimage\"},\"image\":{\"@id\":\"https:\/\/www.taxi-gare-tgv-aix-en-provence.fr\/en\/cab-technopole-arbois-mediterranee\/#primaryimage\"},\"thumbnailUrl\":\"https:\/\/www.taxi-gare-tgv-aix-en-provence.fr\/wp-content\/uploads\/2025\/04\/Depositphotos_808700426_XL-scaled.jpg\",\"datePublished\":\"2025-05-14T12:43:27+00:00\",\"dateModified\":\"2025-09-11T15:02:29+00:00\",\"description\":\"Book your business cab from the Aix-en-Provence TGV station to the Technop\u00f4le de l'Arbois with Taxi Aix'Pert.\",\"breadcrumb\":{\"@id\":\"https:\/\/www.taxi-gare-tgv-aix-en-provence.fr\/en\/cab-technopole-arbois-mediterranee\/#breadcrumb\"},\"inLanguage\":\"en-US\",\"potentialAction\":[{\"@type\":\"ReadAction\",\"target\":[\"https:\/\/www.taxi-gare-tgv-aix-en-provence.fr\/en\/cab-technopole-arbois-mediterranee\/\"]}]},{\"@type\":\"ImageObject\",\"inLanguage\":\"en-US\",\"@id\":\"https:\/\/www.taxi-gare-tgv-aix-en-provence.fr\/en\/cab-technopole-arbois-mediterranee\/#primaryimage\",\"url\":\"https:\/\/www.taxi-gare-tgv-aix-en-provence.fr\/wp-content\/uploads\/2025\/04\/Depositphotos_808700426_XL-scaled.jpg\",\"contentUrl\":\"https:\/\/www.taxi-gare-tgv-aix-en-provence.fr\/wp-content\/uploads\/2025\/04\/Depositphotos_808700426_XL-scaled.jpg\",\"width\":2560,\"height\":1463,\"caption\":\"Transport taxi professionnel vers site industriel Technop\u00f4le Arbois depuis gare TGV Aix-en-Provence\"},{\"@type\":\"BreadcrumbList\",\"@id\":\"https:\/\/www.taxi-gare-tgv-aix-en-provence.fr\/en\/cab-technopole-arbois-mediterranee\/#breadcrumb\",\"itemListElement\":[{\"@type\":\"ListItem\",\"position\":1,\"name\":\"Accueil\",\"item\":\"https:\/\/www.taxi-gare-tgv-aix-en-provence.fr\/en\/\"},{\"@type\":\"ListItem\",\"position\":2,\"name\":\"Cab Technop\u00f4le Arbois M\u00e9diterran\u00e9e\"}]},{\"@type\":\"WebSite\",\"@id\":\"https:\/\/www.taxi-gare-tgv-aix-en-provence.fr\/en\/#website\",\"url\":\"https:\/\/www.taxi-gare-tgv-aix-en-provence.fr\/en\/\",\"name\":\"Taxi AIX'PERT\",\"description\":\"Taxi Aix-en-provence - Taxi Gare TGV Aix en Provence - Taxi Aeroport Marignane - Taxi Aix-en-Provence - Taxi Gare Aix en Provence - Taxi Aix en pce\",\"publisher\":{\"@id\":\"https:\/\/www.taxi-gare-tgv-aix-en-provence.fr\/en\/#organization\"},\"potentialAction\":[{\"@type\":\"SearchAction\",\"target\":{\"@type\":\"EntryPoint\",\"urlTemplate\":\"https:\/\/www.taxi-gare-tgv-aix-en-provence.fr\/en\/?s={search_term_string}\"},\"query-input\":{\"@type\":\"PropertyValueSpecification\",\"valueRequired\":true,\"valueName\":\"search_term_string\"}}],\"inLanguage\":\"en-US\"},{\"@type\":\"Organization\",\"@id\":\"https:\/\/www.taxi-gare-tgv-aix-en-provence.fr\/en\/#organization\",\"name\":\"Taxi Aix'Pert\",\"url\":\"https:\/\/www.taxi-gare-tgv-aix-en-provence.fr\/en\/\",\"logo\":{\"@type\":\"ImageObject\",\"inLanguage\":\"en-US\",\"@id\":\"https:\/\/www.taxi-gare-tgv-aix-en-provence.fr\/en\/#\/schema\/logo\/image\/\",\"url\":\"https:\/\/www.taxi-gare-tgv-aix-en-provence.fr\/wp-content\/uploads\/2017\/11\/logo-site.png\",\"contentUrl\":\"https:\/\/www.taxi-gare-tgv-aix-en-provence.fr\/wp-content\/uploads\/2017\/11\/logo-site.png\",\"width\":250,\"height\":113,\"caption\":\"Taxi Aix'Pert\"},\"image\":{\"@id\":\"https:\/\/www.taxi-gare-tgv-aix-en-provence.fr\/en\/#\/schema\/logo\/image\/\"},\"sameAs\":[\"https:\/\/www.facebook.com\/TaxiAixPert\"]},{\"@type\":\"Person\",\"@id\":\"https:\/\/www.taxi-gare-tgv-aix-en-provence.fr\/en\/#\/schema\/person\/a2d338cb5ee3401f9a500fbb0531caad\",\"name\":\"Taxi Aix'Pert\",\"image\":{\"@type\":\"ImageObject\",\"inLanguage\":\"en-US\",\"@id\":\"https:\/\/www.taxi-gare-tgv-aix-en-provence.fr\/en\/#\/schema\/person\/image\/\",\"url\":\"https:\/\/www.taxi-gare-tgv-aix-en-provence.fr\/wp-content\/litespeed\/avatar\/f2385156e79d37eb1be5ce7139e1d922.jpg?ver=1776959329\",\"contentUrl\":\"https:\/\/www.taxi-gare-tgv-aix-en-provence.fr\/wp-content\/litespeed\/avatar\/f2385156e79d37eb1be5ce7139e1d922.jpg?ver=1776959329\",\"caption\":\"Taxi Aix'Pert\"}}]}<\/script>\n<!-- \/ Yoast SEO plugin. -->","yoast_head_json":{"title":"Cab Technop\u00f4le Arbois M\u00e9diterran\u00e9e","description":"Book your business cab from the Aix-en-Provence TGV station to the Technop\u00f4le de l'Arbois with Taxi Aix'Pert.","robots":{"index":"index","follow":"follow","max-snippet":"max-snippet:-1","max-image-preview":"max-image-preview:large","max-video-preview":"max-video-preview:-1"},"canonical":"https:\/\/www.taxi-gare-tgv-aix-en-provence.fr\/en\/cab-technopole-arbois-mediterranee\/","og_locale":"en_US","og_type":"article","og_title":"Cab Technop\u00f4le Arbois M\u00e9diterran\u00e9e","og_description":"Book your business cab from the Aix-en-Provence TGV station to the Technop\u00f4le de l'Arbois with Taxi Aix'Pert.","og_url":"https:\/\/www.taxi-gare-tgv-aix-en-provence.fr\/en\/cab-technopole-arbois-mediterranee\/","og_site_name":"Taxi Gare TGV Aix en Provence","article_publisher":"https:\/\/www.facebook.com\/TaxiAixPert","article_published_time":"2025-05-14T12:43:27+00:00","article_modified_time":"2025-09-11T15:02:29+00:00","og_image":[{"width":2560,"height":1463,"url":"https:\/\/www.taxi-gare-tgv-aix-en-provence.fr\/wp-content\/uploads\/2025\/04\/Depositphotos_808700426_XL-scaled.jpg","type":"image\/jpeg"}],"author":"Taxi Aix'Pert","twitter_card":"summary_large_image","twitter_misc":{"Written by":"Taxi Aix'Pert","Est. reading time":"3 minutes"},"schema":{"@context":"https:\/\/schema.org","@graph":[{"@type":"Article","@id":"https:\/\/www.taxi-gare-tgv-aix-en-provence.fr\/en\/cab-technopole-arbois-mediterranee\/#article","isPartOf":{"@id":"https:\/\/www.taxi-gare-tgv-aix-en-provence.fr\/en\/cab-technopole-arbois-mediterranee\/"},"author":{"name":"Taxi Aix'Pert","@id":"https:\/\/www.taxi-gare-tgv-aix-en-provence.fr\/en\/#\/schema\/person\/a2d338cb5ee3401f9a500fbb0531caad"},"headline":"Cab Technop\u00f4le Arbois M\u00e9diterran\u00e9e","datePublished":"2025-05-14T12:43:27+00:00","dateModified":"2025-09-11T15:02:29+00:00","mainEntityOfPage":{"@id":"https:\/\/www.taxi-gare-tgv-aix-en-provence.fr\/en\/cab-technopole-arbois-mediterranee\/"},"wordCount":723,"publisher":{"@id":"https:\/\/www.taxi-gare-tgv-aix-en-provence.fr\/en\/#organization"},"image":{"@id":"https:\/\/www.taxi-gare-tgv-aix-en-provence.fr\/en\/cab-technopole-arbois-mediterranee\/#primaryimage"},"thumbnailUrl":"https:\/\/www.taxi-gare-tgv-aix-en-provence.fr\/wp-content\/uploads\/2025\/04\/Depositphotos_808700426_XL-scaled.jpg","articleSection":["Our news"],"inLanguage":"en-US"},{"@type":"WebPage","@id":"https:\/\/www.taxi-gare-tgv-aix-en-provence.fr\/en\/cab-technopole-arbois-mediterranee\/","url":"https:\/\/www.taxi-gare-tgv-aix-en-provence.fr\/en\/cab-technopole-arbois-mediterranee\/","name":"Cab Technop\u00f4le Arbois M\u00e9diterran\u00e9e","isPartOf":{"@id":"https:\/\/www.taxi-gare-tgv-aix-en-provence.fr\/en\/#website"},"primaryImageOfPage":{"@id":"https:\/\/www.taxi-gare-tgv-aix-en-provence.fr\/en\/cab-technopole-arbois-mediterranee\/#primaryimage"},"image":{"@id":"https:\/\/www.taxi-gare-tgv-aix-en-provence.fr\/en\/cab-technopole-arbois-mediterranee\/#primaryimage"},"thumbnailUrl":"https:\/\/www.taxi-gare-tgv-aix-en-provence.fr\/wp-content\/uploads\/2025\/04\/Depositphotos_808700426_XL-scaled.jpg","datePublished":"2025-05-14T12:43:27+00:00","dateModified":"2025-09-11T15:02:29+00:00","description":"Book your business cab from the Aix-en-Provence TGV station to the Technop\u00f4le de l'Arbois with Taxi Aix'Pert.","breadcrumb":{"@id":"https:\/\/www.taxi-gare-tgv-aix-en-provence.fr\/en\/cab-technopole-arbois-mediterranee\/#breadcrumb"},"inLanguage":"en-US","potentialAction":[{"@type":"ReadAction","target":["https:\/\/www.taxi-gare-tgv-aix-en-provence.fr\/en\/cab-technopole-arbois-mediterranee\/"]}]},{"@type":"ImageObject","inLanguage":"en-US","@id":"https:\/\/www.taxi-gare-tgv-aix-en-provence.fr\/en\/cab-technopole-arbois-mediterranee\/#primaryimage","url":"https:\/\/www.taxi-gare-tgv-aix-en-provence.fr\/wp-content\/uploads\/2025\/04\/Depositphotos_808700426_XL-scaled.jpg","contentUrl":"https:\/\/www.taxi-gare-tgv-aix-en-provence.fr\/wp-content\/uploads\/2025\/04\/Depositphotos_808700426_XL-scaled.jpg","width":2560,"height":1463,"caption":"Transport taxi professionnel vers site industriel Technop\u00f4le Arbois depuis gare TGV Aix-en-Provence"},{"@type":"BreadcrumbList","@id":"https:\/\/www.taxi-gare-tgv-aix-en-provence.fr\/en\/cab-technopole-arbois-mediterranee\/#breadcrumb","itemListElement":[{"@type":"ListItem","position":1,"name":"Accueil","item":"https:\/\/www.taxi-gare-tgv-aix-en-provence.fr\/en\/"},{"@type":"ListItem","position":2,"name":"Cab Technop\u00f4le Arbois M\u00e9diterran\u00e9e"}]},{"@type":"WebSite","@id":"https:\/\/www.taxi-gare-tgv-aix-en-provence.fr\/en\/#website","url":"https:\/\/www.taxi-gare-tgv-aix-en-provence.fr\/en\/","name":"Taxi AIX'PERT","description":"Taxi Aix-en-provence - Taxi Gare TGV Aix en Provence - Taxi Aeroport Marignane - Taxi Aix-en-Provence - Taxi Gare Aix en Provence - Taxi Aix en pce","publisher":{"@id":"https:\/\/www.taxi-gare-tgv-aix-en-provence.fr\/en\/#organization"},"potentialAction":[{"@type":"SearchAction","target":{"@type":"EntryPoint","urlTemplate":"https:\/\/www.taxi-gare-tgv-aix-en-provence.fr\/en\/?s={search_term_string}"},"query-input":{"@type":"PropertyValueSpecification","valueRequired":true,"valueName":"search_term_string"}}],"inLanguage":"en-US"},{"@type":"Organization","@id":"https:\/\/www.taxi-gare-tgv-aix-en-provence.fr\/en\/#organization","name":"Taxi Aix'Pert","url":"https:\/\/www.taxi-gare-tgv-aix-en-provence.fr\/en\/","logo":{"@type":"ImageObject","inLanguage":"en-US","@id":"https:\/\/www.taxi-gare-tgv-aix-en-provence.fr\/en\/#\/schema\/logo\/image\/","url":"https:\/\/www.taxi-gare-tgv-aix-en-provence.fr\/wp-content\/uploads\/2017\/11\/logo-site.png","contentUrl":"https:\/\/www.taxi-gare-tgv-aix-en-provence.fr\/wp-content\/uploads\/2017\/11\/logo-site.png","width":250,"height":113,"caption":"Taxi Aix'Pert"},"image":{"@id":"https:\/\/www.taxi-gare-tgv-aix-en-provence.fr\/en\/#\/schema\/logo\/image\/"},"sameAs":["https:\/\/www.facebook.com\/TaxiAixPert"]},{"@type":"Person","@id":"https:\/\/www.taxi-gare-tgv-aix-en-provence.fr\/en\/#\/schema\/person\/a2d338cb5ee3401f9a500fbb0531caad","name":"Taxi Aix'Pert","image":{"@type":"ImageObject","inLanguage":"en-US","@id":"https:\/\/www.taxi-gare-tgv-aix-en-provence.fr\/en\/#\/schema\/person\/image\/","url":"https:\/\/www.taxi-gare-tgv-aix-en-provence.fr\/wp-content\/litespeed\/avatar\/f2385156e79d37eb1be5ce7139e1d922.jpg?ver=1776959329","contentUrl":"https:\/\/www.taxi-gare-tgv-aix-en-provence.fr\/wp-content\/litespeed\/avatar\/f2385156e79d37eb1be5ce7139e1d922.jpg?ver=1776959329","caption":"Taxi Aix'Pert"}}]}},"_links":{"self":[{"href":"https:\/\/www.taxi-gare-tgv-aix-en-provence.fr\/en\/wp-json\/wp\/v2\/posts\/16795","targetHints":{"allow":["GET"]}}],"collection":[{"href":"https:\/\/www.taxi-gare-tgv-aix-en-provence.fr\/en\/wp-json\/wp\/v2\/posts"}],"about":[{"href":"https:\/\/www.taxi-gare-tgv-aix-en-provence.fr\/en\/wp-json\/wp\/v2\/types\/post"}],"author":[{"embeddable":true,"href":"https:\/\/www.taxi-gare-tgv-aix-en-provence.fr\/en\/wp-json\/wp\/v2\/users\/2"}],"replies":[{"embeddable":true,"href":"https:\/\/www.taxi-gare-tgv-aix-en-provence.fr\/en\/wp-json\/wp\/v2\/comments?post=16795"}],"version-history":[{"count":1,"href":"https:\/\/www.taxi-gare-tgv-aix-en-provence.fr\/en\/wp-json\/wp\/v2\/posts\/16795\/revisions"}],"predecessor-version":[{"id":16806,"href":"https:\/\/www.taxi-gare-tgv-aix-en-provence.fr\/en\/wp-json\/wp\/v2\/posts\/16795\/revisions\/16806"}],"wp:featuredmedia":[{"embeddable":true,"href":"https:\/\/www.taxi-gare-tgv-aix-en-provence.fr\/en\/wp-json\/wp\/v2\/media\/16555"}],"wp:attachment":[{"href":"https:\/\/www.taxi-gare-tgv-aix-en-provence.fr\/en\/wp-json\/wp\/v2\/media?parent=16795"}],"wp:term":[{"taxonomy":"category","embeddable":true,"href":"https:\/\/www.taxi-gare-tgv-aix-en-provence.fr\/en\/wp-json\/wp\/v2\/categories?post=16795"},{"taxonomy":"post_tag","embeddable":true,"href":"https:\/\/www.taxi-gare-tgv-aix-en-provence.fr\/en\/wp-json\/wp\/v2\/tags?post=16795"}],"curies":[{"name":"wp","href":"https:\/\/api.w.org\/{rel}","templated":true}]}}